{"id":892,"date":"2015-04-20T09:04:53","date_gmt":"2015-04-20T07:04:53","guid":{"rendered":"http:\/\/www.tu-to.org\/?p=892"},"modified":"2015-10-19T17:53:19","modified_gmt":"2015-10-19T15:53:19","slug":"pressestimmen-zum-tu-to-kick-off","status":"publish","type":"post","link":"https:\/\/www.tu-to.org\/en\/pressestimmen-zum-tu-to-kick-off\/","title":{"rendered":"Press comments from our Tu-To Kick-Off"},"content":{"rendered":"<p>You missed our Tu-To Kick-off? Thankfully there were enough journalists who documented the successful evening. A big thank you to all the representatives of the press! You can find a short press review here.<\/p>\n<p><!--more--><\/p>\n<div id='gallery-1' class='gallery galleryid-892 gallery-columns-2 gallery-size-thumbnail'><figure class='gallery-item'>\n\t\t\t<div class='gallery-icon landscape'>\n\t\t\t\t<a href='https:\/\/www.tu-to.org\/en\/pressestimmen-zum-tu-to-kick-off\/21489_orig\/'><img loading=\"lazy\" decoding=\"async\" width=\"150\" height=\"150\" src=\"https:\/\/www.tu-to.org\/wp-content\/uploads\/2015\/05\/Bericht.Bezirksbl\u00e4tter-150x150.jpg\" class=\"attachment-thumbnail size-thumbnail\" alt=\"Tugende Together - Bericht Bezirksblatt\" aria-describedby=\"gallery-1-893\" srcset=\"https:\/\/www.tu-to.org\/wp-content\/uploads\/2015\/05\/Bericht.Bezirksbl\u00e4tter-150x150.jpg 150w, https:\/\/www.tu-to.org\/wp-content\/uploads\/2015\/05\/Bericht.Bezirksbl\u00e4tter-800x800.jpg 800w, https:\/\/www.tu-to.org\/wp-content\/uploads\/2015\/05\/Bericht.Bezirksbl\u00e4tter-50x50.jpg 50w\" sizes=\"auto, (max-width: 150px) 100vw, 150px\" \/><\/a>\n\t\t\t<\/div>\n\t\t\t\t<figcaption class='wp-caption-text gallery-caption' id='gallery-1-893'>\n\t\t\t\tBezirksblatt Hall\/Rum\n\t\t\t\t<\/figcaption><\/figure><figure class='gallery-item'>\n\t\t\t<div class='gallery-icon landscape'>\n\t\t\t\t<a href='https:\/\/www.tu-to.org\/en\/pressestimmen-zum-tu-to-kick-off\/21489_orig-2\/'><img loading=\"lazy\" decoding=\"async\" width=\"150\" height=\"150\" src=\"https:\/\/www.tu-to.org\/wp-content\/uploads\/2015\/05\/Seiten-aus-Bezirksbl\u00e4tter_Hall-Rum-150x150.jpg\" class=\"attachment-thumbnail size-thumbnail\" alt=\"\" aria-describedby=\"gallery-1-894\" srcset=\"https:\/\/www.tu-to.org\/wp-content\/uploads\/2015\/05\/Seiten-aus-Bezirksbl\u00e4tter_Hall-Rum-150x150.jpg 150w, https:\/\/www.tu-to.org\/wp-content\/uploads\/2015\/05\/Seiten-aus-Bezirksbl\u00e4tter_Hall-Rum-e1445269989637-50x50.jpg 50w\" sizes=\"auto, (max-width: 150px) 100vw, 150px\" \/><\/a>\n\t\t\t<\/div>\n\t\t\t\t<figcaption class='wp-caption-text gallery-caption' id='gallery-1-894'>\n\t\t\t\tTitelseite Bezirksblatt Hall\/Rum Ausgabe 17\/2015\n\t\t\t\t<\/figcaption><\/figure><figure class='gallery-item'>\n\t\t\t<div class='gallery-icon portrait'>\n\t\t\t\t<a href='https:\/\/www.tu-to.org\/en\/pressestimmen-zum-tu-to-kick-off\/11133929_1608961506005383_5418003339192097791_n\/'><img loading=\"lazy\" decoding=\"async\" width=\"150\" height=\"150\" src=\"https:\/\/www.tu-to.org\/wp-content\/uploads\/2015\/05\/11133929_1608961506005383_5418003339192097791_n-150x150.jpg\" class=\"attachment-thumbnail size-thumbnail\" alt=\"\" aria-describedby=\"gallery-1-895\" srcset=\"https:\/\/www.tu-to.org\/wp-content\/uploads\/2015\/05\/11133929_1608961506005383_5418003339192097791_n-150x150.jpg 150w, https:\/\/www.tu-to.org\/wp-content\/uploads\/2015\/05\/11133929_1608961506005383_5418003339192097791_n-50x50.jpg 50w\" sizes=\"auto, (max-width: 150px) 100vw, 150px\" \/><\/a>\n\t\t\t<\/div>\n\t\t\t\t<figcaption class='wp-caption-text gallery-caption' id='gallery-1-895'>\n\t\t\t\tBericht Haller Stadtblatt\n\t\t\t\t<\/figcaption><\/figure><figure class='gallery-item'>\n\t\t\t<div class='gallery-icon landscape'>\n\t\t\t\t<a href='https:\/\/www.tu-to.org\/en\/pressestimmen-zum-tu-to-kick-off\/11146196_1606818479553019_6662265205416208098_n\/'><img loading=\"lazy\" decoding=\"async\" width=\"150\" height=\"150\" src=\"https:\/\/www.tu-to.org\/wp-content\/uploads\/2015\/05\/11146196_1606818479553019_6662265205416208098_n-150x150.jpg\" class=\"attachment-thumbnail size-thumbnail\" alt=\"\" aria-describedby=\"gallery-1-896\" srcset=\"https:\/\/www.tu-to.org\/wp-content\/uploads\/2015\/05\/11146196_1606818479553019_6662265205416208098_n-150x150.jpg 150w, https:\/\/www.tu-to.org\/wp-content\/uploads\/2015\/05\/11146196_1606818479553019_6662265205416208098_n-50x50.jpg 50w\" sizes=\"auto, (max-width: 150px) 100vw, 150px\" \/><\/a>\n\t\t\t<\/div>\n\t\t\t\t<figcaption class='wp-caption-text gallery-caption' id='gallery-1-896'>\n\t\t\t\tKrone\n\t\t\t\t<\/figcaption><\/figure><figure class='gallery-item'>\n\t\t\t<div class='gallery-icon portrait'>\n\t\t\t\t<a href='https:\/\/www.tu-to.org\/en\/pressestimmen-zum-tu-to-kick-off\/11151032_1606818476219686_652815657128051372_n\/'><img loading=\"lazy\" decoding=\"async\" width=\"150\" height=\"150\" src=\"https:\/\/www.tu-to.org\/wp-content\/uploads\/2015\/05\/11151032_1606818476219686_652815657128051372_n-150x150.jpg\" class=\"attachment-thumbnail size-thumbnail\" alt=\"\" aria-describedby=\"gallery-1-897\" srcset=\"https:\/\/www.tu-to.org\/wp-content\/uploads\/2015\/05\/11151032_1606818476219686_652815657128051372_n-150x150.jpg 150w, https:\/\/www.tu-to.org\/wp-content\/uploads\/2015\/05\/11151032_1606818476219686_652815657128051372_n-50x50.jpg 50w\" sizes=\"auto, (max-width: 150px) 100vw, 150px\" \/><\/a>\n\t\t\t<\/div>\n\t\t\t\t<figcaption class='wp-caption-text gallery-caption' id='gallery-1-897'>\n\t\t\t\tTiroler Tageszeitung\n\t\t\t\t<\/figcaption><\/figure><figure class='gallery-item'>\n\t\t\t<div class='gallery-icon landscape'>\n\t\t\t\t<a href='https:\/\/www.tu-to.org\/en\/haller-blatt\/'><img loading=\"lazy\" decoding=\"async\" width=\"150\" height=\"150\" src=\"https:\/\/www.tu-to.org\/wp-content\/uploads\/2015\/05\/Haller.Blatt_-150x150.jpg\" class=\"attachment-thumbnail size-thumbnail\" alt=\"\" aria-describedby=\"gallery-1-915\" srcset=\"https:\/\/www.tu-to.org\/wp-content\/uploads\/2015\/05\/Haller.Blatt_-150x150.jpg 150w, https:\/\/www.tu-to.org\/wp-content\/uploads\/2015\/05\/Haller.Blatt_-800x800.jpg 800w, https:\/\/www.tu-to.org\/wp-content\/uploads\/2015\/05\/Haller.Blatt_-50x50.jpg 50w\" sizes=\"auto, (max-width: 150px) 100vw, 150px\" \/><\/a>\n\t\t\t<\/div>\n\t\t\t\t<figcaption class='wp-caption-text gallery-caption' id='gallery-1-915'>\n\t\t\t\tHaller Blatt\n\t\t\t\t<\/figcaption><\/figure>\n\t\t<\/div>\n\n","protected":false},"excerpt":{"rendered":"<p>Ihr habt das Tu-To Kick-Off verpasst? Gott sei Dank waren genug Journalisten anwesend, die den Abend dokumentiert haben. Ein gro\u00dfer Dank nochmal an die Pressevertreter und hier ein kurzer \u00dcberblick \u00fcber den Pressespiegel.<\/p>\n","protected":false},"author":1,"featured_media":894,"comment_status":"closed","ping_status":"closed","sticky":false,"template":"","format":"standard","meta":{"footnotes":""},"categories":[1],"tags":[],"class_list":["post-892","post","type-post","status-publish","format-standard","has-post-thumbnail","hentry","category-allgemein"],"translation":{"provider":"WPGlobus","version":"3.0.0","language":"en","enabled_languages":["de","en"],"languages":{"de":{"title":true,"content":true,"excerpt":false},"en":{"title":true,"content":true,"excerpt":false}}},"_links":{"self":[{"href":"https:\/\/www.tu-to.org\/en\/wp-json\/wp\/v2\/posts\/892","targetHints":{"allow":["GET"]}}],"collection":[{"href":"https:\/\/www.tu-to.org\/en\/wp-json\/wp\/v2\/posts"}],"about":[{"href":"https:\/\/www.tu-to.org\/en\/wp-json\/wp\/v2\/types\/post"}],"author":[{"embeddable":true,"href":"https:\/\/www.tu-to.org\/en\/wp-json\/wp\/v2\/users\/1"}],"replies":[{"embeddable":true,"href":"https:\/\/www.tu-to.org\/en\/wp-json\/wp\/v2\/comments?post=892"}],"version-history":[{"count":7,"href":"https:\/\/www.tu-to.org\/en\/wp-json\/wp\/v2\/posts\/892\/revisions"}],"predecessor-version":[{"id":1282,"href":"https:\/\/www.tu-to.org\/en\/wp-json\/wp\/v2\/posts\/892\/revisions\/1282"}],"wp:featuredmedia":[{"embeddable":true,"href":"https:\/\/www.tu-to.org\/en\/wp-json\/wp\/v2\/media\/894"}],"wp:attachment":[{"href":"https:\/\/www.tu-to.org\/en\/wp-json\/wp\/v2\/media?parent=892"}],"wp:term":[{"taxonomy":"category","embeddable":true,"href":"https:\/\/www.tu-to.org\/en\/wp-json\/wp\/v2\/categories?post=892"},{"taxonomy":"post_tag","embeddable":true,"href":"https:\/\/www.tu-to.org\/en\/wp-json\/wp\/v2\/tags?post=892"}],"curies":[{"name":"wp","href":"https:\/\/api.w.org\/{rel}","templated":true}]}}